{"id":724,"date":"2021-11-24T16:38:30","date_gmt":"2021-11-24T15:38:30","guid":{"rendered":"https:\/\/www.cuoioditoscana.it\/?p=724"},"modified":"2021-11-24T16:38:30","modified_gmt":"2021-11-24T15:38:30","slug":"al-via-pitti-bimbo-113-marchi-in-svolta-eco","status":"publish","type":"post","link":"https:\/\/www.cuoioditoscana.it\/en\/al-via-pitti-bimbo-113-marchi-in-svolta-eco\/","title":{"rendered":"Al via Pitti bimbo, 113 marchi in svolta eco"},"content":{"rendered":"","protected":false},"excerpt":{"rendered":"","protected":false},"author":1,"featured_media":725,"comment_status":"open","ping_status":"closed","sticky":false,"template":"","format":"standard","meta":{"_acf_changed":false,"footnotes":""},"categories":[108,112],"tags":[],"class_list":["post-724","post","type-post","status-publish","format-standard","has-post-thumbnail","hentry","category-press","category-ansa"],"acf":[],"yoast_head":"<!-- This site is optimized with the Yoast SEO plugin v24.8.1 - https:\/\/yoast.com\/wordpress\/plugins\/seo\/ -->\n<title>Al via Pitti bimbo, 113 marchi in svolta eco - Cuoio di Toscana<\/title>\n<meta name=\"description\" content=\"Cuoio di Toscana - Naturalit\u00e0, artigianalit\u00e0, fedelt\u00e0 alle nostre radici e innovazione\" \/>\n<meta name=\"robots\" content=\"index, follow, max-snippet:-1, max-image-preview:large, max-video-preview:-1\" \/>\n<link rel=\"canonical\" href=\"https:\/\/www.cuoioditoscana.it\/al-via-pitti-bimbo-113-marchi-in-svolta-eco\/\" \/>\n<meta property=\"og:locale\" content=\"en_US\" \/>\n<meta property=\"og:type\" content=\"article\" \/>\n<meta property=\"og:title\" content=\"Al via Pitti bimbo, 113 marchi in svolta eco - Cuoio di Toscana\" \/>\n<meta property=\"og:description\" content=\"Cuoio di Toscana - Naturalit\u00e0, artigianalit\u00e0, fedelt\u00e0 alle nostre radici e innovazione\" \/>\n<meta property=\"og:url\" content=\"https:\/\/www.cuoioditoscana.it\/al-via-pitti-bimbo-113-marchi-in-svolta-eco\/\" \/>\n<meta property=\"og:site_name\" content=\"Cuoio di Toscana\" \/>\n<meta property=\"article:published_time\" content=\"2021-11-24T15:38:30+00:00\" \/>\n<meta property=\"og:image\" content=\"https:\/\/www.cuoioditoscana.it\/wp-content\/uploads\/2021\/11\/ANSA-1.jpg\" \/>\n\t<meta property=\"og:image:width\" content=\"750\" \/>\n\t<meta property=\"og:image:height\" content=\"1333\" \/>\n\t<meta property=\"og:image:type\" content=\"image\/jpeg\" \/>\n<meta name=\"author\" content=\"ddb_eadv\" \/>\n<meta name=\"twitter:card\" content=\"summary_large_image\" \/>\n<meta name=\"twitter:label1\" content=\"Written by\" \/>\n\t<meta name=\"twitter:data1\" content=\"ddb_eadv\" \/>\n<script type=\"application\/ld+json\" class=\"yoast-schema-graph\">{\"@context\":\"https:\/\/schema.org\",\"@graph\":[{\"@type\":\"Article\",\"@id\":\"https:\/\/www.cuoioditoscana.it\/al-via-pitti-bimbo-113-marchi-in-svolta-eco\/#article\",\"isPartOf\":{\"@id\":\"https:\/\/www.cuoioditoscana.it\/al-via-pitti-bimbo-113-marchi-in-svolta-eco\/\"},\"author\":{\"name\":\"ddb_eadv\",\"@id\":\"https:\/\/www.cuoioditoscana.it\/#\/schema\/person\/add8bacc5747d58f34d4e38b20067e80\"},\"headline\":\"Al via Pitti bimbo, 113 marchi in svolta eco\",\"datePublished\":\"2021-11-24T15:38:30+00:00\",\"mainEntityOfPage\":{\"@id\":\"https:\/\/www.cuoioditoscana.it\/al-via-pitti-bimbo-113-marchi-in-svolta-eco\/\"},\"wordCount\":8,\"commentCount\":0,\"publisher\":{\"@id\":\"https:\/\/www.cuoioditoscana.it\/#organization\"},\"image\":{\"@id\":\"https:\/\/www.cuoioditoscana.it\/al-via-pitti-bimbo-113-marchi-in-svolta-eco\/#primaryimage\"},\"thumbnailUrl\":\"https:\/\/www.cuoioditoscana.it\/wp-content\/uploads\/2021\/11\/ANSA-1.jpg\",\"articleSection\":[\"Press\",\"ANSA\"],\"inLanguage\":\"en-US\",\"potentialAction\":[{\"@type\":\"CommentAction\",\"name\":\"Comment\",\"target\":[\"https:\/\/www.cuoioditoscana.it\/al-via-pitti-bimbo-113-marchi-in-svolta-eco\/#respond\"]}]},{\"@type\":\"WebPage\",\"@id\":\"https:\/\/www.cuoioditoscana.it\/al-via-pitti-bimbo-113-marchi-in-svolta-eco\/\",\"url\":\"https:\/\/www.cuoioditoscana.it\/al-via-pitti-bimbo-113-marchi-in-svolta-eco\/\",\"name\":\"Al via Pitti bimbo, 113 marchi in svolta eco - Cuoio di Toscana\",\"isPartOf\":{\"@id\":\"https:\/\/www.cuoioditoscana.it\/#website\"},\"primaryImageOfPage\":{\"@id\":\"https:\/\/www.cuoioditoscana.it\/al-via-pitti-bimbo-113-marchi-in-svolta-eco\/#primaryimage\"},\"image\":{\"@id\":\"https:\/\/www.cuoioditoscana.it\/al-via-pitti-bimbo-113-marchi-in-svolta-eco\/#primaryimage\"},\"thumbnailUrl\":\"https:\/\/www.cuoioditoscana.it\/wp-content\/uploads\/2021\/11\/ANSA-1.jpg\",\"datePublished\":\"2021-11-24T15:38:30+00:00\",\"description\":\"Cuoio di Toscana - Naturalit\u00e0, artigianalit\u00e0, fedelt\u00e0 alle nostre radici e innovazione\",\"breadcrumb\":{\"@id\":\"https:\/\/www.cuoioditoscana.it\/al-via-pitti-bimbo-113-marchi-in-svolta-eco\/#breadcrumb\"},\"inLanguage\":\"en-US\",\"potentialAction\":[{\"@type\":\"ReadAction\",\"target\":[\"https:\/\/www.cuoioditoscana.it\/al-via-pitti-bimbo-113-marchi-in-svolta-eco\/\"]}]},{\"@type\":\"ImageObject\",\"inLanguage\":\"en-US\",\"@id\":\"https:\/\/www.cuoioditoscana.it\/al-via-pitti-bimbo-113-marchi-in-svolta-eco\/#primaryimage\",\"url\":\"https:\/\/www.cuoioditoscana.it\/wp-content\/uploads\/2021\/11\/ANSA-1.jpg\",\"contentUrl\":\"https:\/\/www.cuoioditoscana.it\/wp-content\/uploads\/2021\/11\/ANSA-1.jpg\",\"width\":750,\"height\":1333},{\"@type\":\"BreadcrumbList\",\"@id\":\"https:\/\/www.cuoioditoscana.it\/al-via-pitti-bimbo-113-marchi-in-svolta-eco\/#breadcrumb\",\"itemListElement\":[{\"@type\":\"ListItem\",\"position\":1,\"name\":\"Home\",\"item\":\"https:\/\/www.cuoioditoscana.it\/en\/\"},{\"@type\":\"ListItem\",\"position\":2,\"name\":\"Al via Pitti bimbo, 113 marchi in svolta eco\"}]},{\"@type\":\"WebSite\",\"@id\":\"https:\/\/www.cuoioditoscana.it\/#website\",\"url\":\"https:\/\/www.cuoioditoscana.it\/\",\"name\":\"Cuoio di Toscana\",\"description\":\"Cuoio di Toscana - Naturalit\u00e0, artigianalit\u00e0, fedelt\u00e0 alle nostre radici e innovazione\",\"publisher\":{\"@id\":\"https:\/\/www.cuoioditoscana.it\/#organization\"},\"potentialAction\":[{\"@type\":\"SearchAction\",\"target\":{\"@type\":\"EntryPoint\",\"urlTemplate\":\"https:\/\/www.cuoioditoscana.it\/?s={search_term_string}\"},\"query-input\":{\"@type\":\"PropertyValueSpecification\",\"valueRequired\":true,\"valueName\":\"search_term_string\"}}],\"inLanguage\":\"en-US\"},{\"@type\":\"Organization\",\"@id\":\"https:\/\/www.cuoioditoscana.it\/#organization\",\"name\":\"Cuoio di Toscana\",\"url\":\"https:\/\/www.cuoioditoscana.it\/\",\"logo\":{\"@type\":\"ImageObject\",\"inLanguage\":\"en-US\",\"@id\":\"https:\/\/www.cuoioditoscana.it\/#\/schema\/logo\/image\/\",\"url\":\"https:\/\/www.cuoioditoscana.it\/wp-content\/uploads\/2021\/05\/logo-1.png\",\"contentUrl\":\"https:\/\/www.cuoioditoscana.it\/wp-content\/uploads\/2021\/05\/logo-1.png\",\"width\":125,\"height\":143,\"caption\":\"Cuoio di Toscana\"},\"image\":{\"@id\":\"https:\/\/www.cuoioditoscana.it\/#\/schema\/logo\/image\/\"}},{\"@type\":\"Person\",\"@id\":\"https:\/\/www.cuoioditoscana.it\/#\/schema\/person\/add8bacc5747d58f34d4e38b20067e80\",\"name\":\"ddb_eadv\",\"image\":{\"@type\":\"ImageObject\",\"inLanguage\":\"en-US\",\"@id\":\"https:\/\/www.cuoioditoscana.it\/#\/schema\/person\/image\/\",\"url\":\"https:\/\/secure.gravatar.com\/avatar\/f29efe85f37d97fdd61e1ad0408b05d4200b76c22305bba70712260052d151f3?s=96&d=mm&r=g\",\"contentUrl\":\"https:\/\/secure.gravatar.com\/avatar\/f29efe85f37d97fdd61e1ad0408b05d4200b76c22305bba70712260052d151f3?s=96&d=mm&r=g\",\"caption\":\"ddb_eadv\"},\"sameAs\":[\"https:\/\/www.cuoioditoscana.it\"]}]}<\/script>\n<!-- \/ Yoast SEO plugin. -->","yoast_head_json":{"title":"Al via Pitti bimbo, 113 marchi in svolta eco - Cuoio di Toscana","description":"Cuoio di Toscana - Naturalit\u00e0, artigianalit\u00e0, fedelt\u00e0 alle nostre radici e innovazione","robots":{"index":"index","follow":"follow","max-snippet":"max-snippet:-1","max-image-preview":"max-image-preview:large","max-video-preview":"max-video-preview:-1"},"canonical":"https:\/\/www.cuoioditoscana.it\/al-via-pitti-bimbo-113-marchi-in-svolta-eco\/","og_locale":"en_US","og_type":"article","og_title":"Al via Pitti bimbo, 113 marchi in svolta eco - Cuoio di Toscana","og_description":"Cuoio di Toscana - Naturalit\u00e0, artigianalit\u00e0, fedelt\u00e0 alle nostre radici e innovazione","og_url":"https:\/\/www.cuoioditoscana.it\/al-via-pitti-bimbo-113-marchi-in-svolta-eco\/","og_site_name":"Cuoio di Toscana","article_published_time":"2021-11-24T15:38:30+00:00","og_image":[{"width":750,"height":1333,"url":"https:\/\/www.cuoioditoscana.it\/wp-content\/uploads\/2021\/11\/ANSA-1.jpg","type":"image\/jpeg"}],"author":"ddb_eadv","twitter_card":"summary_large_image","twitter_misc":{"Written by":"ddb_eadv"},"schema":{"@context":"https:\/\/schema.org","@graph":[{"@type":"Article","@id":"https:\/\/www.cuoioditoscana.it\/al-via-pitti-bimbo-113-marchi-in-svolta-eco\/#article","isPartOf":{"@id":"https:\/\/www.cuoioditoscana.it\/al-via-pitti-bimbo-113-marchi-in-svolta-eco\/"},"author":{"name":"ddb_eadv","@id":"https:\/\/www.cuoioditoscana.it\/#\/schema\/person\/add8bacc5747d58f34d4e38b20067e80"},"headline":"Al via Pitti bimbo, 113 marchi in svolta eco","datePublished":"2021-11-24T15:38:30+00:00","mainEntityOfPage":{"@id":"https:\/\/www.cuoioditoscana.it\/al-via-pitti-bimbo-113-marchi-in-svolta-eco\/"},"wordCount":8,"commentCount":0,"publisher":{"@id":"https:\/\/www.cuoioditoscana.it\/#organization"},"image":{"@id":"https:\/\/www.cuoioditoscana.it\/al-via-pitti-bimbo-113-marchi-in-svolta-eco\/#primaryimage"},"thumbnailUrl":"https:\/\/www.cuoioditoscana.it\/wp-content\/uploads\/2021\/11\/ANSA-1.jpg","articleSection":["Press","ANSA"],"inLanguage":"en-US","potentialAction":[{"@type":"CommentAction","name":"Comment","target":["https:\/\/www.cuoioditoscana.it\/al-via-pitti-bimbo-113-marchi-in-svolta-eco\/#respond"]}]},{"@type":"WebPage","@id":"https:\/\/www.cuoioditoscana.it\/al-via-pitti-bimbo-113-marchi-in-svolta-eco\/","url":"https:\/\/www.cuoioditoscana.it\/al-via-pitti-bimbo-113-marchi-in-svolta-eco\/","name":"Al via Pitti bimbo, 113 marchi in svolta eco - Cuoio di Toscana","isPartOf":{"@id":"https:\/\/www.cuoioditoscana.it\/#website"},"primaryImageOfPage":{"@id":"https:\/\/www.cuoioditoscana.it\/al-via-pitti-bimbo-113-marchi-in-svolta-eco\/#primaryimage"},"image":{"@id":"https:\/\/www.cuoioditoscana.it\/al-via-pitti-bimbo-113-marchi-in-svolta-eco\/#primaryimage"},"thumbnailUrl":"https:\/\/www.cuoioditoscana.it\/wp-content\/uploads\/2021\/11\/ANSA-1.jpg","datePublished":"2021-11-24T15:38:30+00:00","description":"Cuoio di Toscana - Naturalit\u00e0, artigianalit\u00e0, fedelt\u00e0 alle nostre radici e innovazione","breadcrumb":{"@id":"https:\/\/www.cuoioditoscana.it\/al-via-pitti-bimbo-113-marchi-in-svolta-eco\/#breadcrumb"},"inLanguage":"en-US","potentialAction":[{"@type":"ReadAction","target":["https:\/\/www.cuoioditoscana.it\/al-via-pitti-bimbo-113-marchi-in-svolta-eco\/"]}]},{"@type":"ImageObject","inLanguage":"en-US","@id":"https:\/\/www.cuoioditoscana.it\/al-via-pitti-bimbo-113-marchi-in-svolta-eco\/#primaryimage","url":"https:\/\/www.cuoioditoscana.it\/wp-content\/uploads\/2021\/11\/ANSA-1.jpg","contentUrl":"https:\/\/www.cuoioditoscana.it\/wp-content\/uploads\/2021\/11\/ANSA-1.jpg","width":750,"height":1333},{"@type":"BreadcrumbList","@id":"https:\/\/www.cuoioditoscana.it\/al-via-pitti-bimbo-113-marchi-in-svolta-eco\/#breadcrumb","itemListElement":[{"@type":"ListItem","position":1,"name":"Home","item":"https:\/\/www.cuoioditoscana.it\/en\/"},{"@type":"ListItem","position":2,"name":"Al via Pitti bimbo, 113 marchi in svolta eco"}]},{"@type":"WebSite","@id":"https:\/\/www.cuoioditoscana.it\/#website","url":"https:\/\/www.cuoioditoscana.it\/","name":"Cuoio di Toscana","description":"Cuoio di Toscana - Naturalit\u00e0, artigianalit\u00e0, fedelt\u00e0 alle nostre radici e innovazione","publisher":{"@id":"https:\/\/www.cuoioditoscana.it\/#organization"},"potentialAction":[{"@type":"SearchAction","target":{"@type":"EntryPoint","urlTemplate":"https:\/\/www.cuoioditoscana.it\/?s={search_term_string}"},"query-input":{"@type":"PropertyValueSpecification","valueRequired":true,"valueName":"search_term_string"}}],"inLanguage":"en-US"},{"@type":"Organization","@id":"https:\/\/www.cuoioditoscana.it\/#organization","name":"Cuoio di Toscana","url":"https:\/\/www.cuoioditoscana.it\/","logo":{"@type":"ImageObject","inLanguage":"en-US","@id":"https:\/\/www.cuoioditoscana.it\/#\/schema\/logo\/image\/","url":"https:\/\/www.cuoioditoscana.it\/wp-content\/uploads\/2021\/05\/logo-1.png","contentUrl":"https:\/\/www.cuoioditoscana.it\/wp-content\/uploads\/2021\/05\/logo-1.png","width":125,"height":143,"caption":"Cuoio di Toscana"},"image":{"@id":"https:\/\/www.cuoioditoscana.it\/#\/schema\/logo\/image\/"}},{"@type":"Person","@id":"https:\/\/www.cuoioditoscana.it\/#\/schema\/person\/add8bacc5747d58f34d4e38b20067e80","name":"ddb_eadv","image":{"@type":"ImageObject","inLanguage":"en-US","@id":"https:\/\/www.cuoioditoscana.it\/#\/schema\/person\/image\/","url":"https:\/\/secure.gravatar.com\/avatar\/f29efe85f37d97fdd61e1ad0408b05d4200b76c22305bba70712260052d151f3?s=96&d=mm&r=g","contentUrl":"https:\/\/secure.gravatar.com\/avatar\/f29efe85f37d97fdd61e1ad0408b05d4200b76c22305bba70712260052d151f3?s=96&d=mm&r=g","caption":"ddb_eadv"},"sameAs":["https:\/\/www.cuoioditoscana.it"]}]}},"_links":{"self":[{"href":"https:\/\/www.cuoioditoscana.it\/en\/wp-json\/wp\/v2\/posts\/724","targetHints":{"allow":["GET"]}}],"collection":[{"href":"https:\/\/www.cuoioditoscana.it\/en\/wp-json\/wp\/v2\/posts"}],"about":[{"href":"https:\/\/www.cuoioditoscana.it\/en\/wp-json\/wp\/v2\/types\/post"}],"author":[{"embeddable":true,"href":"https:\/\/www.cuoioditoscana.it\/en\/wp-json\/wp\/v2\/users\/1"}],"replies":[{"embeddable":true,"href":"https:\/\/www.cuoioditoscana.it\/en\/wp-json\/wp\/v2\/comments?post=724"}],"version-history":[{"count":0,"href":"https:\/\/www.cuoioditoscana.it\/en\/wp-json\/wp\/v2\/posts\/724\/revisions"}],"wp:featuredmedia":[{"embeddable":true,"href":"https:\/\/www.cuoioditoscana.it\/en\/wp-json\/wp\/v2\/media\/725"}],"wp:attachment":[{"href":"https:\/\/www.cuoioditoscana.it\/en\/wp-json\/wp\/v2\/media?parent=724"}],"wp:term":[{"taxonomy":"category","embeddable":true,"href":"https:\/\/www.cuoioditoscana.it\/en\/wp-json\/wp\/v2\/categories?post=724"},{"taxonomy":"post_tag","embeddable":true,"href":"https:\/\/www.cuoioditoscana.it\/en\/wp-json\/wp\/v2\/tags?post=724"}],"curies":[{"name":"wp","href":"https:\/\/api.w.org\/{rel}","templated":true}]}}